{"id":2015,"date":"2025-09-09T19:04:39","date_gmt":"2025-09-09T19:04:39","guid":{"rendered":"https:\/\/ens.mr\/?p=2015"},"modified":"2025-09-09T19:04:40","modified_gmt":"2025-09-09T19:04:40","slug":"signature-dun-programme-de-travail-avec-le-centre-de-formation-des-inspecteurs-de-lenseignement-au-maroc","status":"publish","type":"post","link":"https:\/\/ens.mr\/?p=2015","title":{"rendered":"Signature d&rsquo;un programme de travail avec le Centre de Formation des Inspecteurs de l&rsquo;Enseignement au Maroc."},"content":{"rendered":"\n<p>Le Directeur de l&rsquo;\u00c9cole Sup\u00e9rieure d&rsquo;Enseignement (ENS), Dr Mohamed Aly Louly, a sign\u00e9 aujourd&rsquo;hui un plan de travail avec le prestigieux Centre de Formation des Inspecteurs de l&rsquo;Enseignement du Maroc. <\/p>\n\n\n\n<p>Ce programme renforcera le partenariat entre notre pays et le pays fr\u00e8re, le Maroc, dans le cadre de la formation des inspecteurs de l&rsquo;enseignement primaire et secondaire, dans le cadre des profondes r\u00e9formes men\u00e9es \u00e0 l&rsquo;\u00c9cole sup\u00e9rieure d&rsquo;\u00e9ducation. Louange \u00e0 Dieu, Seigneur des mondes.<\/p>\n\n\n\n<figure class=\"wp-block-image size-full\"><img loading=\"lazy\" decoding=\"async\" width=\"810\" height=\"405\" src=\"https:\/\/ens.mr\/wp-content\/uploads\/2025\/09\/photo6.jpg\" alt=\"\" class=\"wp-image-2017\" srcset=\"https:\/\/ens.mr\/wp-content\/uploads\/2025\/09\/photo6.jpg 810w, https:\/\/ens.mr\/wp-content\/uploads\/2025\/09\/photo6-300x150.jpg 300w, https:\/\/ens.mr\/wp-content\/uploads\/2025\/09\/photo6-768x384.jpg 768w\" sizes=\"auto, (max-width: 810px) 100vw, 810px\" \/><\/figure>\n","protected":false},"excerpt":{"rendered":"<p>Le Directeur de l&rsquo;\u00c9cole Sup\u00e9rieure d&rsquo;Enseignement (ENS), Dr Mohamed Aly Louly, a sign\u00e9 aujourd&rsquo;hui un plan de travail avec le prestigieux Centre de Formation des Inspecteurs de l&rsquo;Enseignement du Maroc. Ce programme renforcera le partenariat entre notre pays et le pays fr\u00e8re, le Maroc, dans le cadre de la formation des inspecteurs de l&rsquo;enseignement primaire &hellip;<\/p>\n","protected":false},"author":2,"featured_media":2016,"comment_status":"closed","ping_status":"closed","sticky":false,"template":"","format":"standard","meta":{"footnotes":""},"categories":[42,41],"tags":[],"class_list":["post-2015","post","type-post","status-publish","format-standard","has-post-thumbnail","hentry","category-actualites","category-slideshow"],"_links":{"self":[{"href":"https:\/\/ens.mr\/index.php?rest_route=\/wp\/v2\/posts\/2015","targetHints":{"allow":["GET"]}}],"collection":[{"href":"https:\/\/ens.mr\/index.php?rest_route=\/wp\/v2\/posts"}],"about":[{"href":"https:\/\/ens.mr\/index.php?rest_route=\/wp\/v2\/types\/post"}],"author":[{"embeddable":true,"href":"https:\/\/ens.mr\/index.php?rest_route=\/wp\/v2\/users\/2"}],"replies":[{"embeddable":true,"href":"https:\/\/ens.mr\/index.php?rest_route=%2Fwp%2Fv2%2Fcomments&post=2015"}],"version-history":[{"count":1,"href":"https:\/\/ens.mr\/index.php?rest_route=\/wp\/v2\/posts\/2015\/revisions"}],"predecessor-version":[{"id":2018,"href":"https:\/\/ens.mr\/index.php?rest_route=\/wp\/v2\/posts\/2015\/revisions\/2018"}],"wp:featuredmedia":[{"embeddable":true,"href":"https:\/\/ens.mr\/index.php?rest_route=\/wp\/v2\/media\/2016"}],"wp:attachment":[{"href":"https:\/\/ens.mr\/index.php?rest_route=%2Fwp%2Fv2%2Fmedia&parent=2015"}],"wp:term":[{"taxonomy":"category","embeddable":true,"href":"https:\/\/ens.mr\/index.php?rest_route=%2Fwp%2Fv2%2Fcategories&post=2015"},{"taxonomy":"post_tag","embeddable":true,"href":"https:\/\/ens.mr\/index.php?rest_route=%2Fwp%2Fv2%2Ftags&post=2015"}],"curies":[{"name":"wp","href":"https:\/\/api.w.org\/{rel}","templated":true}]}}